{"id":1871,"date":"2018-03-20T16:55:08","date_gmt":"2018-03-20T16:55:08","guid":{"rendered":"http:\/\/www.camaraguaranesia.mg.gov.br\/site\/?p=1871"},"modified":"2019-05-01T21:37:05","modified_gmt":"2019-05-01T21:37:05","slug":"criacao-do-conselho-municipal-de-defesa-dos-direitos-da-pessoa-com-deficiencia-comped","status":"publish","type":"post","link":"https:\/\/camaraguaranesia.mg.gov.br\/site\/criacao-do-conselho-municipal-de-defesa-dos-direitos-da-pessoa-com-deficiencia-comped\/","title":{"rendered":"Cria\u00e7\u00e3o do Conselho Municipal de Defesa dos Direitos da Pessoa com Defici\u00eancia &#8211; COMPED."},"content":{"rendered":"<p style=\"text-align: center;\"><a href=\"http:\/\/www.camaraguaranesia.mg.gov.br\/site\/wp-content\/uploads\/2018\/03\/Pessoas-deficientes-s\u00e3o-inclu\u00eddas-em-cotas-de-universidades-federais-575x200.jpg\"><img loading=\"lazy\" class=\"aligncenter size-full wp-image-1872\" src=\"http:\/\/www.camaraguaranesia.mg.gov.br\/site\/wp-content\/uploads\/2018\/03\/Pessoas-deficientes-s\u00e3o-inclu\u00eddas-em-cotas-de-universidades-federais-575x200.jpg\" alt=\"Pessoas-deficientes-s\u00e3o-inclu\u00eddas-em-cotas-de-universidades-federais-575x200\" width=\"575\" height=\"200\" srcset=\"https:\/\/camaraguaranesia.mg.gov.br\/site\/wp-content\/uploads\/2018\/03\/Pessoas-deficientes-s\u00e3o-inclu\u00eddas-em-cotas-de-universidades-federais-575x200.jpg 575w, https:\/\/camaraguaranesia.mg.gov.br\/site\/wp-content\/uploads\/2018\/03\/Pessoas-deficientes-s\u00e3o-inclu\u00eddas-em-cotas-de-universidades-federais-575x200-300x104.jpg 300w\" sizes=\"(max-width: 575px) 100vw, 575px\" \/><\/a><\/p>\n<p style=\"text-align: center;\"><strong>PROJETO DE LEI N\u00ba 14, DE 19 DE FEVEREIRO DE 2018<\/strong><\/p>\n<p style=\"text-align: justify;\">Disp\u00f5e sobre a cria\u00e7\u00e3o do Conselho Municipal de Defesa dos Direitos da Pessoa com Defici\u00eancia &#8211; COMPED. \u00d3rg\u00e3o de car\u00e1ter permanente, deliberativo com representa\u00e7\u00e3o parit\u00e1ria entre Poder Governamental e Sociedade Civil, vinculado \u00e0\u00a0Secretaria de Desenvolvimento Social.<\/p>\n<p style=\"text-align: justify;\">O COMPED funcionar\u00e1 como \u00f3rg\u00e3o regulamentador, controlador, fiscalizador e de\u00a0defesa das pol\u00edticas de atendimento \u00e0 pessoa com defici\u00eancia no \u00e2mbito do Munic\u00edpio.<\/p>\n<p style=\"text-align: justify;\">Programas e servi\u00e7os sociais b\u00e1sicos de educa\u00e7\u00e3o, sa\u00fade, recrea\u00e7\u00e3o, esporte,\u00a0cultura, lazer, profissionaliza\u00e7\u00e3o e outros que assegurem o desenvolvimento f\u00edsico, mental e<br \/>\nsocial da pessoa com defici\u00eancia ser\u00e3o implementados.<\/p>\n","protected":false},"excerpt":{"rendered":"<p>PROJETO DE LEI N\u00ba 14, DE 19 DE FEVEREIRO DE 2018 Disp\u00f5e sobre a cria\u00e7\u00e3o do Conselho Municipal de Defesa dos Direitos da Pessoa com Defici\u00eancia &#8211; COMPED. \u00d3rg\u00e3o de car\u00e1ter permanente, deliberativo com representa\u00e7\u00e3o parit\u00e1ria entre Poder Governamental e Sociedade Civil, vinculado \u00e0\u00a0Secretaria de Desenvolvimento Social. O COMPED funcionar\u00e1 como \u00f3rg\u00e3o regulamentador, controlador, fiscalizador &#8230;<\/p>\n","protected":false},"author":1,"featured_media":1872,"comment_status":"closed","ping_status":"closed","sticky":false,"template":"","format":"standard","meta":[],"categories":[36],"tags":[],"_links":{"self":[{"href":"https:\/\/camaraguaranesia.mg.gov.br\/site\/wp-json\/wp\/v2\/posts\/1871"}],"collection":[{"href":"https:\/\/camaraguaranesia.mg.gov.br\/site\/wp-json\/wp\/v2\/posts"}],"about":[{"href":"https:\/\/camaraguaranesia.mg.gov.br\/site\/wp-json\/wp\/v2\/types\/post"}],"author":[{"embeddable":true,"href":"https:\/\/camaraguaranesia.mg.gov.br\/site\/wp-json\/wp\/v2\/users\/1"}],"replies":[{"embeddable":true,"href":"https:\/\/camaraguaranesia.mg.gov.br\/site\/wp-json\/wp\/v2\/comments?post=1871"}],"version-history":[{"count":2,"href":"https:\/\/camaraguaranesia.mg.gov.br\/site\/wp-json\/wp\/v2\/posts\/1871\/revisions"}],"predecessor-version":[{"id":1874,"href":"https:\/\/camaraguaranesia.mg.gov.br\/site\/wp-json\/wp\/v2\/posts\/1871\/revisions\/1874"}],"wp:featuredmedia":[{"embeddable":true,"href":"https:\/\/camaraguaranesia.mg.gov.br\/site\/wp-json\/wp\/v2\/media\/1872"}],"wp:attachment":[{"href":"https:\/\/camaraguaranesia.mg.gov.br\/site\/wp-json\/wp\/v2\/media?parent=1871"}],"wp:term":[{"taxonomy":"category","embeddable":true,"href":"https:\/\/camaraguaranesia.mg.gov.br\/site\/wp-json\/wp\/v2\/categories?post=1871"},{"taxonomy":"post_tag","embeddable":true,"href":"https:\/\/camaraguaranesia.mg.gov.br\/site\/wp-json\/wp\/v2\/tags?post=1871"}],"curies":[{"name":"wp","href":"https:\/\/api.w.org\/{rel}","templated":true}]}}