{"id":423,"date":"2014-09-24T18:42:29","date_gmt":"2014-09-24T18:42:29","guid":{"rendered":"http:\/\/www.camaraguaranesia.mg.gov.br\/site\/?p=423"},"modified":"2014-09-24T18:42:29","modified_gmt":"2014-09-24T18:42:29","slug":"2014-09-24-18-44-01","status":"publish","type":"post","link":"https:\/\/camaraguaranesia.mg.gov.br\/site\/2014-09-24-18-44-01\/","title":{"rendered":"C\u00c2MARA REALIZA ENTREGA DE T\u00cdTULO DE CIDAD\u00c3O GUARANESIANO NAS COMEMORA\u00c7\u00d5ES DO ANIVERS\u00c1RIO DA CIDADE"},"content":{"rendered":"<p>A C\u00e2mara Municipal de Guaran\u00e9sia realizar\u00e1 neste dia 17 de setembro a entrega do T\u00edtulo de Cidad\u00e3o Guaranesiano. O evento acontecer\u00e1 nas depend\u00eancias da Confer\u00eancia S\u00e3o Vicente de Paula, \u00e0s 20:30 h. Acompanhe abaixo os homenageados e os propositores dos projetos:<\/p>\n<p>\u00a0<\/p>\n<p>  <!--more-->  <\/p>\n<p>\u00a0<\/p>\n<p><strong><em>HOMENAGEADO\u00a0\u00a0\u00a0\u00a0\u00a0\u00a0\u00a0\u00a0\u00a0\u00a0\u00a0\u00a0\u00a0\u00a0\u00a0\u00a0\u00a0\u00a0\u00a0\u00a0\u00a0 \u00a0\u00a0\u00a0\u00a0\u00a0\u00a0\u00a0\u00a0\u00a0\u00a0\u00a0\u00a0\u00a0\u00a0\u00a0\u00a0\u00a0\u00a0\u00a0\u00a0\u00a0\u00a0\u00a0 VEREADOR PROPONENTE<\/em><\/strong><\/p>\n<p>Ieda Maria de Brito F. Vilas Boas\u00a0 \u00a0\u00a0\u00a0\u00a0\u00a0\u00a0\u00a0\u00a0\u00a0\u00a0\u00a0\u00a0\u00a0\u00a0\u00a0\u00a0\u00a0\u00a0\u00a0\u00a0\u00a0\u00a0\u00a0\u00a0\u00a0\u00a0Felipe Nardi Laudade<\/p>\n<p>Alexandre In\u00e1cio Ribeiro\u00a0 e Daniela\u00a0\u00a0\u00a0\u00a0\u00a0\u00a0\u00a0\u00a0\u00a0\u00a0\u00a0\u00a0\u00a0\u00a0\u00a0\u00a0\u00a0\u00a0 \u00a0\u00a0 \u00a0 Daniel Alves da Silva<\/p>\n<p>Maria do Carmo Peixoto Parreira\u00a0\u00a0 \u00a0\u00a0\u00a0\u00a0\u00a0\u00a0\u00a0\u00a0\u00a0\u00a0\u00a0\u00a0\u00a0\u00a0\u00a0\u00a0\u00a0\u00a0\u00a0\u00a0\u00a0\u00a0\u00a0\u00a0 Ismael da Silva Santos<\/p>\n<p>Raul de Lima e Silva\u00a0\u00a0\u00a0\u00a0\u00a0\u00a0\u00a0\u00a0\u00a0\u00a0\u00a0\u00a0\u00a0\u00a0\u00a0\u00a0\u00a0 \u00a0\u00a0\u00a0\u00a0\u00a0\u00a0\u00a0\u00a0\u00a0\u00a0\u00a0\u00a0\u00a0\u00a0\u00a0\u00a0\u00a0\u00a0\u00a0\u00a0\u00a0\u00a0\u00a0\u00a0\u00a0\u00a0 Jos\u00e9 Osmar da Costa Jr.<\/p>\n<p>Jo\u00e3o Guilherme Dias Pereira\u00a0\u00a0\u00a0\u00a0\u00a0 \u00a0\u00a0\u00a0\u00a0\u00a0\u00a0\u00a0\u00a0\u00a0\u00a0\u00a0\u00a0\u00a0\u00a0\u00a0\u00a0\u00a0\u00a0\u00a0\u00a0\u00a0\u00a0\u00a0\u00a0\u00a0\u00a0\u00a0 Antonio Carlos Pitondo<\/p>\n<p>Matheus Ferreira Ribeiro\u00a0\u00a0\u00a0\u00a0\u00a0\u00a0\u00a0\u00a0\u00a0\u00a0\u00a0\u00a0\u00a0\u00a0\u00a0\u00a0\u00a0\u00a0\u00a0\u00a0\u00a0\u00a0\u00a0\u00a0\u00a0\u00a0\u00a0\u00a0\u00a0\u00a0\u00a0\u00a0\u00a0\u00a0\u00a0\u00a0\u00a0\u00a0 Antonio Cesar da Silva<\/p>\n<p>Eunice Braz Nardi\u00a0\u00a0\u00a0\u00a0\u00a0\u00a0\u00a0\u00a0\u00a0\u00a0\u00a0\u00a0\u00a0\u00a0\u00a0 \u00a0\u00a0\u00a0\u00a0\u00a0\u00a0\u00a0\u00a0\u00a0\u00a0\u00a0\u00a0\u00a0\u00a0\u00a0\u00a0\u00a0\u00a0\u00a0\u00a0\u00a0\u00a0\u00a0\u00a0\u00a0\u00a0\u00a0\u00a0\u00a0\u00a0\u00a0 Diego Eduardo de Castro<\/p>\n<p>Nelson Florentino\u00a0\u00a0\u00a0\u00a0\u00a0\u00a0\u00a0\u00a0\u00a0\u00a0\u00a0\u00a0\u00a0\u00a0\u00a0\u00a0 \u00a0\u00a0\u00a0\u00a0\u00a0\u00a0\u00a0\u00a0\u00a0\u00a0\u00a0\u00a0\u00a0\u00a0\u00a0\u00a0\u00a0\u00a0\u00a0\u00a0\u00a0\u00a0\u00a0\u00a0\u00a0\u00a0\u00a0\u00a0\u00a0\u00a0 H\u00e9lio dos Reis de Brito<\/p>\n<p>Gabriel Antonio Freire Galante\u00a0 \u00a0\u00a0\u00a0\u00a0\u00a0\u00a0\u00a0\u00a0\u00a0\u00a0\u00a0\u00a0\u00a0\u00a0\u00a0\u00a0\u00a0\u00a0\u00a0\u00a0\u00a0\u00a0\u00a0\u00a0\u00a0\u00a0\u00a0\u00a0\u00a0J\u00falio C\u00e9sar Marcelino<\/p>\n<p>Beatriz Spagiari da Silva\u00a0\u00a0\u00a0\u00a0\u00a0\u00a0\u00a0\u00a0\u00a0\u00a0\u00a0\u00a0 \u00a0\u00a0\u00a0\u00a0\u00a0\u00a0\u00a0\u00a0\u00a0\u00a0\u00a0\u00a0\u00a0\u00a0\u00a0\u00a0\u00a0\u00a0\u00a0\u00a0\u00a0\u00a0\u00a0\u00a0\u00a0\u00a0 La\u00e9rcio Garson<\/p>\n<p>F\u00e1bio Pereira de Souza\u00a0\u00a0\u00a0\u00a0\u00a0\u00a0\u00a0\u00a0\u00a0\u00a0\u00a0\u00a0\u00a0\u00a0\u00a0\u00a0\u00a0\u00a0 \u00a0\u00a0\u00a0\u00a0\u00a0\u00a0\u00a0\u00a0\u00a0\u00a0\u00a0\u00a0\u00a0\u00a0\u00a0\u00a0\u00a0\u00a0\u00a0\u00a0\u00a0 Mozar Carlos de Brito<\/p>\n","protected":false},"excerpt":{"rendered":"<p>A C\u00e2mara Municipal de Guaran\u00e9sia realizar\u00e1 neste dia 17 de setembro a entrega do T\u00edtulo de Cidad\u00e3o Guaranesiano. O evento acontecer\u00e1 nas depend\u00eancias da Confer\u00eancia S\u00e3o Vicente de Paula, \u00e0s 20:30 h. Acompanhe abaixo os homenageados e os propositores dos projetos: \u00a0<\/p>\n","protected":false},"author":1,"featured_media":0,"comment_status":"open","ping_status":"closed","sticky":false,"template":"","format":"standard","meta":[],"categories":[16],"tags":[],"_links":{"self":[{"href":"https:\/\/camaraguaranesia.mg.gov.br\/site\/wp-json\/wp\/v2\/posts\/423"}],"collection":[{"href":"https:\/\/camaraguaranesia.mg.gov.br\/site\/wp-json\/wp\/v2\/posts"}],"about":[{"href":"https:\/\/camaraguaranesia.mg.gov.br\/site\/wp-json\/wp\/v2\/types\/post"}],"author":[{"embeddable":true,"href":"https:\/\/camaraguaranesia.mg.gov.br\/site\/wp-json\/wp\/v2\/users\/1"}],"replies":[{"embeddable":true,"href":"https:\/\/camaraguaranesia.mg.gov.br\/site\/wp-json\/wp\/v2\/comments?post=423"}],"version-history":[{"count":0,"href":"https:\/\/camaraguaranesia.mg.gov.br\/site\/wp-json\/wp\/v2\/posts\/423\/revisions"}],"wp:attachment":[{"href":"https:\/\/camaraguaranesia.mg.gov.br\/site\/wp-json\/wp\/v2\/media?parent=423"}],"wp:term":[{"taxonomy":"category","embeddable":true,"href":"https:\/\/camaraguaranesia.mg.gov.br\/site\/wp-json\/wp\/v2\/categories?post=423"},{"taxonomy":"post_tag","embeddable":true,"href":"https:\/\/camaraguaranesia.mg.gov.br\/site\/wp-json\/wp\/v2\/tags?post=423"}],"curies":[{"name":"wp","href":"https:\/\/api.w.org\/{rel}","templated":true}]}}