{"id":747,"date":"2015-12-09T17:13:40","date_gmt":"2015-12-09T17:13:40","guid":{"rendered":"http:\/\/www.camaraguaranesia.mg.gov.br\/site\/?p=747"},"modified":"2015-12-09T17:23:01","modified_gmt":"2015-12-09T17:23:01","slug":"convite-para-sessao-solene-medalhas-do-merito-legislativo","status":"publish","type":"post","link":"https:\/\/camaraguaranesia.mg.gov.br\/site\/convite-para-sessao-solene-medalhas-do-merito-legislativo\/","title":{"rendered":"Convite para Sess\u00e3o Solene &#8211; Medalhas do M\u00e9rito Legislativo"},"content":{"rendered":"<p style=\"text-align: left;\"><a href=\"http:\/\/www.camaraguaranesia.mg.gov.br\/site\/wp-content\/uploads\/2015\/12\/MEDALHAMERITO.jpg\"><img loading=\"lazy\" class=\"size-medium wp-image-751 alignleft\" src=\"http:\/\/www.camaraguaranesia.mg.gov.br\/site\/wp-content\/uploads\/2015\/12\/MEDALHAMERITO-300x187.jpg\" alt=\"MEDALHAMERITO\" width=\"300\" height=\"187\" srcset=\"https:\/\/camaraguaranesia.mg.gov.br\/site\/wp-content\/uploads\/2015\/12\/MEDALHAMERITO-300x187.jpg 300w, https:\/\/camaraguaranesia.mg.gov.br\/site\/wp-content\/uploads\/2015\/12\/MEDALHAMERITO.jpg 800w\" sizes=\"(max-width: 300px) 100vw, 300px\" \/><\/a>Convite para a Sess\u00e3o Solene de entrega de medalhas do M\u00e9rito Legislativo 2015.<\/p>\n<p style=\"text-align: left;\">Dias 11 e 18 de dezembro, \u00e0s 19:00 horas, no Plen\u00e1rio da C\u00e2mara Municipal.<\/p>\n<p><a href=\"http:\/\/www.camaraguaranesia.mg.gov.br\/site\/wp-content\/uploads\/2015\/12\/Convite-Sess\u00e3o-Solene.doc\">Clique aqui e leia o convite para a Sess\u00e3o Solene.<\/a><\/p>\n","protected":false},"excerpt":{"rendered":"<p>Convite para a Sess\u00e3o Solene de entrega de medalhas do M\u00e9rito Legislativo 2015. Dias 11 e 18 de dezembro, \u00e0s 19:00 horas, no Plen\u00e1rio da C\u00e2mara Municipal. Clique aqui e leia o convite para a Sess\u00e3o Solene.<\/p>\n","protected":false},"author":1,"featured_media":751,"comment_status":"closed","ping_status":"closed","sticky":false,"template":"","format":"standard","meta":[],"categories":[36],"tags":[],"_links":{"self":[{"href":"https:\/\/camaraguaranesia.mg.gov.br\/site\/wp-json\/wp\/v2\/posts\/747"}],"collection":[{"href":"https:\/\/camaraguaranesia.mg.gov.br\/site\/wp-json\/wp\/v2\/posts"}],"about":[{"href":"https:\/\/camaraguaranesia.mg.gov.br\/site\/wp-json\/wp\/v2\/types\/post"}],"author":[{"embeddable":true,"href":"https:\/\/camaraguaranesia.mg.gov.br\/site\/wp-json\/wp\/v2\/users\/1"}],"replies":[{"embeddable":true,"href":"https:\/\/camaraguaranesia.mg.gov.br\/site\/wp-json\/wp\/v2\/comments?post=747"}],"version-history":[{"count":5,"href":"https:\/\/camaraguaranesia.mg.gov.br\/site\/wp-json\/wp\/v2\/posts\/747\/revisions"}],"predecessor-version":[{"id":755,"href":"https:\/\/camaraguaranesia.mg.gov.br\/site\/wp-json\/wp\/v2\/posts\/747\/revisions\/755"}],"wp:featuredmedia":[{"embeddable":true,"href":"https:\/\/camaraguaranesia.mg.gov.br\/site\/wp-json\/wp\/v2\/media\/751"}],"wp:attachment":[{"href":"https:\/\/camaraguaranesia.mg.gov.br\/site\/wp-json\/wp\/v2\/media?parent=747"}],"wp:term":[{"taxonomy":"category","embeddable":true,"href":"https:\/\/camaraguaranesia.mg.gov.br\/site\/wp-json\/wp\/v2\/categories?post=747"},{"taxonomy":"post_tag","embeddable":true,"href":"https:\/\/camaraguaranesia.mg.gov.br\/site\/wp-json\/wp\/v2\/tags?post=747"}],"curies":[{"name":"wp","href":"https:\/\/api.w.org\/{rel}","templated":true}]}}